{"id":3951,"date":"2016-11-14T15:13:03","date_gmt":"2016-11-14T14:13:03","guid":{"rendered":"http:\/\/blog.patine.pl\/?p=3951"},"modified":"2016-11-14T15:35:30","modified_gmt":"2016-11-14T14:35:30","slug":"hush-bedziemy-poznaniu-warszawie","status":"publish","type":"post","link":"https:\/\/patine.pl\/blog\/hush-bedziemy-poznaniu-warszawie\/","title":{"rendered":"HUSH &#8211; b\u0119dziemy w Poznaniu i Warszawie"},"content":{"rendered":"<p>Nasza obecno\u015b\u0107 na <a href=\"http:\/\/targi.hushwarsaw.com\/\" target=\"_blank\">HUSH<\/a> to ju\u017c tradycja! Na tej imprezie zawsze mo\u017cna obejrze\u0107 i pomierzy\u0107 nasze buty oraz porozmawia\u0107 o rzeczach wa\u017cnych i mniej istotnych. W zwi\u0105zku z tym, \u017ce HUSH si\u0119 rozwija, w tym roku razem z naszymi Przyjaci\u00f3\u0142mi <strong>b\u0119dziemy najpierw w\u00a0POZNANIU, a chwil\u0119 p\u00f3\u017aniej\u00a0WARSZAWIE!\u00a0<\/strong><\/p>\n<p><a href=\"https:\/\/patine.pl\/blog\/wp-content\/uploads\/2016\/11\/patineshoes_yanko_hush_posnania.jpg\"><img loading=\"lazy\" decoding=\"async\" class=\"aligncenter size-full wp-image-3966\" src=\"https:\/\/patine.pl\/blog\/wp-content\/uploads\/2016\/11\/patineshoes_yanko_hush_posnania.jpg\" alt=\"patineshoes_yanko_hush_posnania\" width=\"600\" height=\"600\" srcset=\"https:\/\/patine.pl\/blog\/wp-content\/uploads\/2016\/11\/patineshoes_yanko_hush_posnania.jpg 600w, https:\/\/patine.pl\/blog\/wp-content\/uploads\/2016\/11\/patineshoes_yanko_hush_posnania-300x300.jpg 300w\" sizes=\"auto, (max-width: 600px) 100vw, 600px\" \/><\/a><\/p>\n<blockquote><p>DOUBLE TROUBLE<\/p>\n<p><strong>HUSH Warsaw w Poznaniu i Warszawie!<br \/>\n<\/strong>Tej jesieni postanowili\u015bmy pokaza\u0107 na najlepsze marki r\u00f3wnie\u017c poza Warszaw\u0105. Wyb\u00f3r pad\u0142 na Pozna\u0144, kt\u00f3rego mieszka\u0144cy jako pierwsi w sezonie jesie\u0144\/ zima 2016 b\u0119d\u0105 mogli zobaczy\u0107 najnowsze kolekcje.<\/p>\n<p><strong>Pozna\u0144 19-20.XI.2016<\/strong><br \/>\n9. edycja HUSH Warsaw pod has\u0142em Selected Brands odb\u0119dzie si\u0119 19 i 20 listopada w POSNANII- nowym miejscu stworzonym z my\u015bl\u0105 o wielbicielach mody. Podczas dw\u00f3ch dni zakup\u00f3w u 25 wybranych marek ubra\u0144 i dodatk\u00f3w b\u0119dziecie mieli r\u00f3wnie\u017c okazje skorzysta\u0107 z porad stylistek i pos\u0142ucha\u0107 profesjonalist\u00f3w z bran\u017cy mody w specjalnej strefie STYLE SUPPORT.<\/p>\n<p><strong>Warszawa 10-11.XII.2016<\/strong><br \/>\nZaraz po pozna\u0144skich targach HUSH Warsaw wraca do Warszawy, gdzie ju\u017c 10 i 11 grudnia szykuje wydarzenie w wersji de lux! Pow\u00f3d? Jubileuszowa 10. ju\u017c edycja targ\u00f3w pod has\u0142em HUSH Celebration i ca\u0142e spektrum atrakcji. Miejsce to oczywi\u015bcie PGE Narodowy, na kt\u00f3rym odby\u0142a si\u0119 pierwsza edycja wydarzenia, ale ca\u0142a reszta to ju\u017c same niespodzianki, o kt\u00f3rych wi\u0119cej informacji ju\u017c wkr\u00f3tce!<\/p><\/blockquote>\n<p><a href=\"https:\/\/patine.pl\/blog\/wp-content\/uploads\/2016\/11\/patine_shoes_set_002.jpg\"><img loading=\"lazy\" decoding=\"async\" class=\"aligncenter size-full wp-image-3964\" src=\"https:\/\/patine.pl\/blog\/wp-content\/uploads\/2016\/11\/patine_shoes_set_002.jpg\" alt=\"patine_shoes_set_002\" width=\"1200\" height=\"907\" srcset=\"https:\/\/patine.pl\/blog\/wp-content\/uploads\/2016\/11\/patine_shoes_set_002.jpg 1200w, https:\/\/patine.pl\/blog\/wp-content\/uploads\/2016\/11\/patine_shoes_set_002-1024x774.jpg 1024w, https:\/\/patine.pl\/blog\/wp-content\/uploads\/2016\/11\/patine_shoes_set_002-768x580.jpg 768w\" sizes=\"auto, (max-width: 1200px) 100vw, 1200px\" \/><\/a><\/p>\n<p><strong>Co mamy zabra\u0107 ze sob\u0105?<\/strong><br \/>\nJe\u017celi tylko macie ochot\u0119 zobaczy\u0107 w kt\u00f3rym\u015b z tych miejsc jakie\u015b konkretne modele but\u00f3w z naszej oferty lub przymierzy\u0107 konkretne rozmiary &#8211; <strong>dajcie nam koniecznie zna\u0107 drog\u0105 mailow\u0105!<\/strong> Zapakujemy i przywieziemy tyle ile zdo\u0142amy, ale dzi\u015b wyb\u00f3r jest tak du\u017cy, \u017ce nie b\u0119dziemy w stanie pokaza\u0107 wszystkiego! Tak\u017ce, je\u017celi jest ch\u0119\u0107 przymiarki <a href=\"http:\/\/patine.pl\/search\/search?st_search%5Bsearch%5D=306\" target=\"_blank\">monk\u00f3w na kopycie 915<\/a> w rozmiarze UK10, wystarczy wiadomo\u015b\u0107. Zadbajcie o to, by\u015bmy o niczym wa\u017cnym nie zapomnieli :)<\/p>\n<p><a href=\"https:\/\/patine.pl\/blog\/wp-content\/uploads\/2016\/11\/patine_shoes_set_001.jpg\"><img loading=\"lazy\" decoding=\"async\" class=\"aligncenter size-full wp-image-3965\" src=\"https:\/\/patine.pl\/blog\/wp-content\/uploads\/2016\/11\/patine_shoes_set_001.jpg\" alt=\"patine_shoes_set_001\" width=\"1200\" height=\"800\" srcset=\"https:\/\/patine.pl\/blog\/wp-content\/uploads\/2016\/11\/patine_shoes_set_001.jpg 1200w, https:\/\/patine.pl\/blog\/wp-content\/uploads\/2016\/11\/patine_shoes_set_001-1024x683.jpg 1024w, https:\/\/patine.pl\/blog\/wp-content\/uploads\/2016\/11\/patine_shoes_set_001-768x512.jpg 768w\" sizes=\"auto, (max-width: 1200px) 100vw, 1200px\" \/><\/a><\/p>\n<p style=\"text-align: center;\"><strong>SPOTKAJMY SI\u0118 DWA RAZY W TYM SEZONIE!<\/strong><\/p>\n<p style=\"text-align: center;\"><strong>HUSH Warsaw Selected Brands<\/strong><br \/>\n<a href=\"http:\/\/posnania.eu\/\" target=\"_blank\">POSNANIA<\/a> \/ 19 i 20 listopada 2016 \/ Pozna\u0144<\/p>\n<p style=\"text-align: center;\"><strong>HUSH Warsaw Celebration<\/strong><br \/>\n<a href=\"http:\/\/www.pgenarodowy.pl\/\" target=\"_blank\">PGE Narodowy<\/a> \/ 10 i 11 grudnia \/ Warszawa<\/p>\n<p style=\"text-align: center;\"><a href=\"https:\/\/patine.pl\/blog\/wp-content\/uploads\/2016\/11\/top_hush_warsaw_posnania_patine.jpg\"><img loading=\"lazy\" decoding=\"async\" class=\"aligncenter size-full wp-image-3968\" src=\"https:\/\/patine.pl\/blog\/wp-content\/uploads\/2016\/11\/top_hush_warsaw_posnania_patine.jpg\" alt=\"top_hush_warsaw_posnania_patine\" width=\"685\" height=\"666\" \/><\/a><\/p>\n<p style=\"text-align: left;\">Zapraszamy!<br \/>\n<a href=\"http:\/\/patine.pl\/\" target=\"_blank\">patine.pl\u00a0<\/a><\/p>\n","protected":false},"excerpt":{"rendered":"<p>Nasza obecno\u015b\u0107 na HUSH to ju\u017c tradycja! Na tej imprezie zawsze mo\u017cna obejrze\u0107 i pomierzy\u0107 nasze buty oraz porozmawia\u0107 o rzeczach wa\u017cnych i mniej istotnych. W zwi\u0105zku z tym, \u017ce HUSH si\u0119 rozwija, w tym roku razem z naszymi Przyjaci\u00f3\u0142mi b\u0119dziemy najpierw w\u00a0POZNANIU, a chwil\u0119 p\u00f3\u017aniej\u00a0WARSZAWIE!\u00a0 DOUBLE TROUBLE HUSH Warsaw w Poznaniu i Warszawie! Tej [&hellip;]<\/p>\n","protected":false},"author":2,"featured_media":3965,"comment_status":"open","ping_status":"open","sticky":false,"template":"","format":"standard","meta":{"_acf_changed":false,"footnotes":""},"categories":[234,13],"tags":[31,250,227,57,228,229,249,151],"class_list":["post-3951","post","type-post","status-publish","format-standard","has-post-thumbnail","hentry","category-eventy","category-yanko","tag-buty","tag-event","tag-hush-warsaw","tag-klasyka","tag-moda","tag-patine-shoes","tag-posnania","tag-targi"],"acf":[],"aioseo_notices":[],"_links":{"self":[{"href":"https:\/\/patine.pl\/blog\/wp-json\/wp\/v2\/posts\/3951","targetHints":{"allow":["GET"]}}],"collection":[{"href":"https:\/\/patine.pl\/blog\/wp-json\/wp\/v2\/posts"}],"about":[{"href":"https:\/\/patine.pl\/blog\/wp-json\/wp\/v2\/types\/post"}],"author":[{"embeddable":true,"href":"https:\/\/patine.pl\/blog\/wp-json\/wp\/v2\/users\/2"}],"replies":[{"embeddable":true,"href":"https:\/\/patine.pl\/blog\/wp-json\/wp\/v2\/comments?post=3951"}],"version-history":[{"count":22,"href":"https:\/\/patine.pl\/blog\/wp-json\/wp\/v2\/posts\/3951\/revisions"}],"predecessor-version":[{"id":3971,"href":"https:\/\/patine.pl\/blog\/wp-json\/wp\/v2\/posts\/3951\/revisions\/3971"}],"wp:featuredmedia":[{"embeddable":true,"href":"https:\/\/patine.pl\/blog\/wp-json\/wp\/v2\/media\/3965"}],"wp:attachment":[{"href":"https:\/\/patine.pl\/blog\/wp-json\/wp\/v2\/media?parent=3951"}],"wp:term":[{"taxonomy":"category","embeddable":true,"href":"https:\/\/patine.pl\/blog\/wp-json\/wp\/v2\/categories?post=3951"},{"taxonomy":"post_tag","embeddable":true,"href":"https:\/\/patine.pl\/blog\/wp-json\/wp\/v2\/tags?post=3951"}],"curies":[{"name":"wp","href":"https:\/\/api.w.org\/{rel}","templated":true}]}}